{"id":4023,"date":"2022-02-16T10:09:17","date_gmt":"2022-02-16T09:09:17","guid":{"rendered":"https:\/\/www.undjetzt-konferenz.de\/?p=4023"},"modified":"2022-02-16T10:15:40","modified_gmt":"2022-02-16T09:15:40","slug":"ort-und-datum-der-undjetzt-konferenz-2022-stehen-fest","status":"publish","type":"post","link":"https:\/\/undjetzt-konferenz.de\/en\/ort-und-datum-der-undjetzt-konferenz-2022-stehen-fest\/","title":{"rendered":"Ort und Datum der undjetzt?!-Konferenz 2022 stehen fest!"},"content":{"rendered":"\n<p>Ihr k\u00f6nnt kaum glauben, dass die undjetzt?!-Konferenz in diesem Jahr wirklich stattfinden wird? Es f\u00fchlt sich nach so langer Zeit noch so unnahbar an?<\/p>\n<p>Na dann kommt hier jetzt die wichtigste Info, die uns zu dem gemeinsamen Traum ein St\u00fcck n\u00e4her r\u00fccken l\u00e4sst und ihn fassbar macht:<\/p>\n<p>Die undjetzt?! Konferenz findet <b>vom 13.08.2022 bis zum 20.08.2022<\/b> in der <a href=\"http:\/\/www.freiefeldlage.de\"><strong>F<\/strong><b>reien Feldlage Harzgerode<\/b><\/a> statt!<br><br>Die Freie Feldlage Harzgerode ist zugleich ein Lernort und eine Lebensgemeinschaft mitten im Harz umgeben von sch\u00f6nster Natur mit viel Wald. Die vielen alten Geb\u00e4ude der ehemaligen Kinderlungenheilst\u00e4tte bieten dabei eine aufregende Umgebung. Wiederbelebt wird dieser Ort momentan von ca. 15 Personen, die hier einen Ort f\u00fcr gemeinschaftliches Leben, Teilen von Wissen und zum Wohlf\u00fchlen kreieren. Toleranz, Weltoffenheit, Umweltbewusstsein und bewusste Andersartigkeit wird in der Freien Feldlage gelebt. Langfristig wird dies ein Ort werden, wo Menschen aus aller Welt einfach sein k\u00f6nnen, freie Werkst\u00e4tten nutzen und ihr Wissen teilen k\u00f6nnen. <br><br>Wir freuen uns, dass dieser sch\u00f6ne Ort, wo auch schon die Konferenzen 2017 und 2019 stattgefunden haben, uns nun wieder die M\u00f6glichkeit bietet eine tolle Woche auf der undjetzt?!-Konferenz 2022 zu gestalten. Ein toller Eindruck zu der Freien Feldlage mit inspirierenden Worten bietet der Trailer der undjetzt?!-Konferenz 2017:<\/p>\n<p><iframe src=\"\/\/player.vimeo.com\/video\/221000443?title=0&amp;amp;byline=0\" allowfullscreen=\"allowfullscreen\" width=\"640\" height=\"275\" frameborder=\"0\"><\/iframe><\/p>\n<p>Nur noch ein paar Mal schlafen und dann aufstehen, um gemeinsam zu tr\u00e4umen, zu diskutieren, (voneinander zu) lernen, sich weiterzubilden zu globalen Themen, zu reflektieren und zusammen aktiv zu werden!<\/p>\n<p>Weitere Infos zum <a href=\"https:\/\/www.undjetzt-konferenz.de\/ort_anreise\/\">Ort<\/a>, zur Anreise, Anmeldung und zur <a href=\"https:\/\/www.undjetzt-konferenz.de\/idee\/\">Konferenz<\/a> und ihrem <a href=\"https:\/\/www.undjetzt-konferenz.de\/programm\/\">Programm<\/a> findet ihr nach und nach hier auf unserer Website sowie&nbsp;auf <a href=\"https:\/\/www.facebook.com\/undjetztkonferenz\/\" target=\"_blank\" rel=\"noopener\">Facebook<\/a> und <a href=\"http:\/\/www.instagram.com\/undjetzt_konferenz\">Instagram<\/a> (@undjetzt_konferenz).<br>_________________________<br>Du hast Lust, an der Konferenz mitzuwirken, sei es als Teil des Orga-Teams oder mit einem Workshop\/Vortrag\/Kunstwerk\/Konzert? Dann <a href=\"https:\/\/www.undjetzt-konferenz.de\/kontakt\/\">melde<\/a> dich bei uns!<br>Wir freuen uns \u00fcber jeden Beitrag, der die undjetzt?!-Konferenz mehr zu einer Konferenz aller werden l\u00e4sst.<\/p>\n","protected":false},"excerpt":{"rendered":"<p>Ihr k\u00f6nnt kaum glauben, dass die undjetzt?!-Konferenz in diesem Jahr wirklich stattfinden wird? Es f\u00fchlt sich nach so langer Zeit noch so unnahbar an? Na dann kommt hier&hellip;<\/p>\n","protected":false},"author":18,"featured_media":4030,"comment_status":"open","ping_status":"closed","sticky":false,"template":"","format":"standard","meta":{"footnotes":""},"categories":[1],"tags":[],"class_list":["post-4023","post","type-post","status-publish","format-standard","has-post-thumbnail","hentry","category-uncategorized"],"translation":{"provider":"WPGlobus","version":"3.0.2","language":"en","enabled_languages":["de","en"],"languages":{"de":{"title":true,"content":true,"excerpt":false},"en":{"title":false,"content":false,"excerpt":false}}},"_links":{"self":[{"href":"https:\/\/undjetzt-konferenz.de\/en\/wp-json\/wp\/v2\/posts\/4023","targetHints":{"allow":["GET"]}}],"collection":[{"href":"https:\/\/undjetzt-konferenz.de\/en\/wp-json\/wp\/v2\/posts"}],"about":[{"href":"https:\/\/undjetzt-konferenz.de\/en\/wp-json\/wp\/v2\/types\/post"}],"author":[{"embeddable":true,"href":"https:\/\/undjetzt-konferenz.de\/en\/wp-json\/wp\/v2\/users\/18"}],"replies":[{"embeddable":true,"href":"https:\/\/undjetzt-konferenz.de\/en\/wp-json\/wp\/v2\/comments?post=4023"}],"version-history":[{"count":6,"href":"https:\/\/undjetzt-konferenz.de\/en\/wp-json\/wp\/v2\/posts\/4023\/revisions"}],"predecessor-version":[{"id":4032,"href":"https:\/\/undjetzt-konferenz.de\/en\/wp-json\/wp\/v2\/posts\/4023\/revisions\/4032"}],"wp:featuredmedia":[{"embeddable":true,"href":"https:\/\/undjetzt-konferenz.de\/en\/wp-json\/wp\/v2\/media\/4030"}],"wp:attachment":[{"href":"https:\/\/undjetzt-konferenz.de\/en\/wp-json\/wp\/v2\/media?parent=4023"}],"wp:term":[{"taxonomy":"category","embeddable":true,"href":"https:\/\/undjetzt-konferenz.de\/en\/wp-json\/wp\/v2\/categories?post=4023"},{"taxonomy":"post_tag","embeddable":true,"href":"https:\/\/undjetzt-konferenz.de\/en\/wp-json\/wp\/v2\/tags?post=4023"}],"curies":[{"name":"wp","href":"https:\/\/api.w.org\/{rel}","templated":true}]}}