{"id":3778,"date":"2020-03-07T00:55:33","date_gmt":"2020-03-06T23:55:33","guid":{"rendered":"https:\/\/www.undjetzt-konferenz.de\/?p=3778"},"modified":"2020-03-07T00:55:33","modified_gmt":"2020-03-06T23:55:33","slug":"undjetzt-konferenz2020-14-08-21-08-2020-gastwerke-akademie","status":"publish","type":"post","link":"https:\/\/undjetzt-konferenz.de\/en\/undjetzt-konferenz2020-14-08-21-08-2020-gastwerke-akademie\/","title":{"rendered":"Ort und Datum der undjetzt?!-Konferenz 2020 stehen fest!"},"content":{"rendered":"<p>Vorhang auf und B\u00fchne frei!<br \/>\nEndlich ist es soweit, mit viel Vorfreude, Aufregung und leichtem Kribbeln im K\u00f6rper d\u00fcrfen wir heute mit euch teilen, wo und wann die undjetzt?!-Konferenz in diesem Jahr ihre Zelte aufschlagen wird:<\/p>\n<p>vom <strong>14.08. &#8211; 21.08.2020<\/strong> sind wir G\u00e4ste der <a href=\"http:\/\/www.gastwerke-akademie.de\" target=\"_blank\" rel=\"noopener\" data-hovercard=\"\/ajax\/hovercard\/page.php?id=1152859564847878&amp;extragetparams=%7B%22__tn__%22%3A%22%2CdK%2AF-R%22%2C%22eid%22%3A%22ARALMQLk932x4V1Mnu74-VPSi36P4T1B2KqogTJYyFM0nU87iVOWAmirZu8FcMwVPxX4l4sRX2vN7BmO%22%2C%22directed_target_id%22%3Anull%2C%22groups_location%22%3Anull%7D\" data-hovercard-prefer-more-content-show=\"1\">gASTWERKe Akademie<\/a> in Escherode bei Kassel!<br \/>\n<span class=\"text_exposed_show\"><br \/>\nIn einem ehemaligen Forsthof, auf einer Anh\u00f6he gelegen und umgeben vom Gr\u00fcn des Kaufunger Waldes hat sich die Kommune gASTWERKe eingenistet und einen Lernort f\u00fcr Nachhaltigkeit in all ihren Facetten aufgebaut: die gASTWERKe Akademie.<br \/>\nDiesen wundersch\u00f6nen Ort mit seinen H\u00e4usern aus Stampflehm, einer Jurte, Tipis, einem Waldspielplatz, mit Platz zum Austoben und Ausspannen, Begegnungsorten und Ruheoasen wollen wir gemeinsam f\u00fcr 8 Tage entdecken, bespielen, gestalten und zu unserem Zuhause auf Zeit machen!<br \/>\nAlso streicht euch den 14.08.-21.08. schon mal dick im Kalender an und seid gespannt auf die undjetzt?!-Konferenz 2020!<\/span><\/p>\n<p>Weitere Infos zum <a href=\"https:\/\/www.undjetzt-konferenz.de\/ort_anreise\/\">Ort<\/a>, zur Anreise, Anmeldung und zur <a href=\"https:\/\/www.undjetzt-konferenz.de\/idee\/\">Konferenz<\/a> und ihrem <a href=\"https:\/\/www.undjetzt-konferenz.de\/programm\/\">Programm<\/a> findet ihr nach und nach hier auf unserer Website sowie\u00a0auf <a href=\"https:\/\/www.facebook.com\/undjetztkonferenz\/\" target=\"_blank\" rel=\"noopener\">Facebook<\/a>.<br \/>\n_________________________<br \/>\nDu hast Lust, an der Konferenz mitzuwirken, sei es als Teil des Orga-Teams oder mit einem Workshop\/Vortrag\/Kunstwerk\/Konzert? Dann <a href=\"https:\/\/www.undjetzt-konferenz.de\/kontakt\/\">melde<\/a> dich bei uns!<br \/>\nWir freuen uns \u00fcber jeden Beitrag, der die undjetzt?!-Konferenz mehr zu einer Konferenz aller werden l\u00e4sst.<\/p>\n","protected":false},"excerpt":{"rendered":"<p>Vorhang auf und B\u00fchne frei! Endlich ist es soweit, mit viel Vorfreude, Aufregung und leichtem Kribbeln im K\u00f6rper d\u00fcrfen wir heute mit euch teilen, wo und wann die&hellip;<\/p>\n","protected":false},"author":18,"featured_media":3779,"comment_status":"open","ping_status":"closed","sticky":false,"template":"","format":"standard","meta":{"footnotes":""},"categories":[31,21,4],"tags":[],"class_list":["post-3778","post","type-post","status-publish","format-standard","has-post-thumbnail","hentry","category-31","category-informationen","category-neuigkeiten"],"translation":{"provider":"WPGlobus","version":"3.0.2","language":"en","enabled_languages":["de","en"],"languages":{"de":{"title":true,"content":true,"excerpt":false},"en":{"title":false,"content":false,"excerpt":false}}},"_links":{"self":[{"href":"https:\/\/undjetzt-konferenz.de\/en\/wp-json\/wp\/v2\/posts\/3778","targetHints":{"allow":["GET"]}}],"collection":[{"href":"https:\/\/undjetzt-konferenz.de\/en\/wp-json\/wp\/v2\/posts"}],"about":[{"href":"https:\/\/undjetzt-konferenz.de\/en\/wp-json\/wp\/v2\/types\/post"}],"author":[{"embeddable":true,"href":"https:\/\/undjetzt-konferenz.de\/en\/wp-json\/wp\/v2\/users\/18"}],"replies":[{"embeddable":true,"href":"https:\/\/undjetzt-konferenz.de\/en\/wp-json\/wp\/v2\/comments?post=3778"}],"version-history":[{"count":5,"href":"https:\/\/undjetzt-konferenz.de\/en\/wp-json\/wp\/v2\/posts\/3778\/revisions"}],"predecessor-version":[{"id":3787,"href":"https:\/\/undjetzt-konferenz.de\/en\/wp-json\/wp\/v2\/posts\/3778\/revisions\/3787"}],"wp:featuredmedia":[{"embeddable":true,"href":"https:\/\/undjetzt-konferenz.de\/en\/wp-json\/wp\/v2\/media\/3779"}],"wp:attachment":[{"href":"https:\/\/undjetzt-konferenz.de\/en\/wp-json\/wp\/v2\/media?parent=3778"}],"wp:term":[{"taxonomy":"category","embeddable":true,"href":"https:\/\/undjetzt-konferenz.de\/en\/wp-json\/wp\/v2\/categories?post=3778"},{"taxonomy":"post_tag","embeddable":true,"href":"https:\/\/undjetzt-konferenz.de\/en\/wp-json\/wp\/v2\/tags?post=3778"}],"curies":[{"name":"wp","href":"https:\/\/api.w.org\/{rel}","templated":true}]}}